{"id":86238,"date":"2024-12-19T10:52:16","date_gmt":"2024-12-19T13:52:16","guid":{"rendered":"https:\/\/superfrio.com.br\/?p=86238"},"modified":"2024-12-21T10:16:52","modified_gmt":"2024-12-21T13:16:52","slug":"sesc-mesa-brasil","status":"publish","type":"post","link":"https:\/\/superfrio.com.br\/en\/sesc-mesa-brasil\/","title":{"rendered":"Sesc Mesa Brasil une empresas e institui\u00e7\u00f5es na luta contra a fome e o desperd\u00edcio de alimentos"},"content":{"rendered":"<div data-elementor-type=\"wp-post\" data-elementor-id=\"86238\" class=\"elementor elementor-86238\">\n\t\t\t\t\t\t\t\t\t<section class=\"elementor-section elementor-top-section elementor-element elementor-element-1f910a60 elementor-section-boxed elementor-section-height-default elementor-section-height-default\" data-id=\"1f910a60\" data-element_type=\"section\">\n\t\t\t\t\t\t<div class=\"elementor-container elementor-column-gap-default\">\n\t\t\t\t\t<div class=\"elementor-column elementor-col-100 elementor-top-column elementor-element elementor-element-3f691e3a\" data-id=\"3f691e3a\" data-element_type=\"column\">\n\t\t\t<div class=\"elementor-widget-wrap elementor-element-populated\">\n\t\t\t\t\t\t\t\t<div class=\"elementor-element elementor-element-4cf8dcfa elementor-widget elementor-widget-text-editor\" data-id=\"4cf8dcfa\" data-element_type=\"widget\" data-widget_type=\"text-editor.default\">\n\t\t\t\t<div class=\"elementor-widget-container\">\n\t\t\t<style>\/*! elementor - v3.13.2 - 11-05-2023 *\/\n.elementor-widget-text-editor.elementor-drop-cap-view-stacked .elementor-drop-cap{background-color:#69727d;color:#fff}.elementor-widget-text-editor.elementor-drop-cap-view-framed .elementor-drop-cap{color:#69727d;border:3px solid;background-color:transparent}.elementor-widget-text-editor:not(.elementor-drop-cap-view-default) .elementor-drop-cap{margin-top:8px}.elementor-widget-text-editor:not(.elementor-drop-cap-view-default) .elementor-drop-cap-letter{width:1em;height:1em}.elementor-widget-text-editor .elementor-drop-cap{float:left;text-align:center;line-height:1;font-size:50px}.elementor-widget-text-editor .elementor-drop-cap-letter{display:inline-block}<\/style>\t\t\t\t<h2><strong>Superfrio Celebra os 30 Anos do Sesc Mesa Brasil no Encontro Anual 2024<\/strong><\/h2><p>No dia 5 de dezembro, a Superfrio teve a honra de participar do Encontro Anual 2024 em comemora\u00e7\u00e3o aos 30 anos do <strong>Programa Sesc Mesa Brasil<\/strong>, refor\u00e7ando nosso compromisso com a luta contra a fome e o desperd\u00edcio de alimentos.<\/p>\t\t\t\t\t\t<\/div>\n\t\t\t\t<\/div>\n\t\t\t\t\t<\/div>\n\t\t<\/div>\n\t\t\t\t\t\t\t<\/div>\n\t\t<\/section>\n\t\t<div class=\"elementor-element elementor-element-c105824 e-con-boxed e-flex e-con\" data-id=\"c105824\" data-element_type=\"container\" data-settings=\"{&quot;content_width&quot;:&quot;boxed&quot;}\">\n\t\t\t\t\t<div class=\"e-con-inner\">\n\t\t<div class=\"elementor-element elementor-element-2746871 e-con-full e-flex e-con\" data-id=\"2746871\" data-element_type=\"container\" data-settings=\"{&quot;content_width&quot;:&quot;full&quot;}\">\n\t\t\t\t<div class=\"elementor-element elementor-element-b6f891a elementor-widget elementor-widget-image\" data-id=\"b6f891a\" data-element_type=\"widget\" data-widget_type=\"image.default\">\n\t\t\t\t<div class=\"elementor-widget-container\">\n\t\t\t<style>\/*! elementor - v3.13.2 - 11-05-2023 *\/\n.elementor-widget-image{text-align:center}.elementor-widget-image a{display:inline-block}.elementor-widget-image a img[src$=\".svg\"]{width:48px}.elementor-widget-image img{vertical-align:middle;display:inline-block}<\/style>\t\t\t\t\t\t\t\t\t\t\t\t<img loading=\"lazy\" decoding=\"async\" width=\"1600\" height=\"1066\" src=\"https:\/\/superfrio.com.br\/wp-content\/uploads\/2024\/12\/WhatsApp-Image-2024-12-18-at-14.11.28.jpeg\" class=\"attachment-large size-large wp-image-86247\" alt=\"\" srcset=\"https:\/\/superfrio.com.br\/wp-content\/uploads\/2024\/12\/WhatsApp-Image-2024-12-18-at-14.11.28.jpeg 1600w, https:\/\/superfrio.com.br\/wp-content\/uploads\/2024\/12\/WhatsApp-Image-2024-12-18-at-14.11.28-768x512.jpeg 768w, https:\/\/superfrio.com.br\/wp-content\/uploads\/2024\/12\/WhatsApp-Image-2024-12-18-at-14.11.28-1536x1023.jpeg 1536w, https:\/\/superfrio.com.br\/wp-content\/uploads\/2024\/12\/WhatsApp-Image-2024-12-18-at-14.11.28-18x12.jpeg 18w, https:\/\/superfrio.com.br\/wp-content\/uploads\/2024\/12\/WhatsApp-Image-2024-12-18-at-14.11.28-1080x720.jpeg 1080w\" sizes=\"(max-width: 1600px) 100vw, 1600px\" title=\"\">\t\t\t\t\t\t\t\t\t\t\t\t\t\t\t<\/div>\n\t\t\t\t<\/div>\n\t\t\t\t<\/div>\n\t\t<div class=\"elementor-element elementor-element-a253728 e-con-full e-flex e-con\" data-id=\"a253728\" data-element_type=\"container\" data-settings=\"{&quot;content_width&quot;:&quot;full&quot;}\">\n\t\t\t\t<div class=\"elementor-element elementor-element-f1c51c4 elementor-widget elementor-widget-text-editor\" data-id=\"f1c51c4\" data-element_type=\"widget\" data-widget_type=\"text-editor.default\">\n\t\t\t\t<div class=\"elementor-widget-container\">\n\t\t\t\t\t\t\t<p>Durante o evento, fomos agraciados com quatro homenagens, destacando nossa matriz e tr\u00eas filiais, como reconhecimento pelo impacto positivo das nossas doa\u00e7\u00f5es. Nosso CEO,\u00a0<strong>Rodrigo Vasimon<\/strong>, e o diretor de SES <strong>Marcos Vinicius<\/strong>, j estiveram presentes para prestigiar este momento significativo.<\/p><p>\u00a0<\/p>\t\t\t\t\t\t<\/div>\n\t\t\t\t<\/div>\n\t\t\t\t<\/div>\n\t\t\t\t\t<\/div>\n\t\t\t\t<\/div>\n\t\t<div class=\"elementor-element elementor-element-cba5dff e-con-boxed e-flex e-con\" data-id=\"cba5dff\" data-element_type=\"container\" data-settings=\"{&quot;content_width&quot;:&quot;boxed&quot;}\">\n\t\t\t\t\t<div class=\"e-con-inner\">\n\t\t<div class=\"elementor-element elementor-element-5805d48 e-con-full e-flex e-con\" data-id=\"5805d48\" data-element_type=\"container\" data-settings=\"{&quot;content_width&quot;:&quot;full&quot;}\">\n\t\t\t\t<div class=\"elementor-element elementor-element-ac52721 elementor-widget elementor-widget-text-editor\" data-id=\"ac52721\" data-element_type=\"widget\" data-widget_type=\"text-editor.default\">\n\t\t\t\t<div class=\"elementor-widget-container\">\n\t\t\t\t\t\t\t<h4><strong>Compromisso com a Seguran\u00e7a Alimentar<\/strong><\/h4>\n<p>O programa n\u00e3o apenas combate a fome, mas tamb\u00e9m evita o desperd\u00edcio e fortalece a miss\u00e3o social de empresas parceiras, beneficiando mais de 1.200 institui\u00e7\u00f5es cadastradas em todo o estado de S\u00e3o Paulo. c<\/p>\n<p>A Superfrio tem orgulho de integrar a maior rede privada de bancos de alimentos da Am\u00e9rica Latina, reafirmando seu compromisso em contribuir para a seguran\u00e7a alimentar e nutricional no Brasil. De dezembro de 2023 a dezembro de 2024, nossas doa\u00e7\u00f5es somaram <strong>127 toneladas de alimentos<\/strong>, transportadas em <strong>111 viagens<\/strong> dos nossos ve\u00edculos, alcan\u00e7ando <strong>30 cidades<\/strong>, incluindo a capital, regi\u00e3o metropolitana, interior e litoral. No total, <strong>640 institui\u00e7\u00f5es<\/strong> foram beneficiadas, entre abrigos de idosos, albergues, centros de crian\u00e7as e adolescentes, e outras. Essas doa\u00e7\u00f5es impactaram diretamente <strong>220 mil pessoas<\/strong> em situa\u00e7\u00e3o de vulnerabilidade.<\/p>\t\t\t\t\t\t<\/div>\n\t\t\t\t<\/div>\n\t\t\t\t<\/div>\n\t\t\t\t\t<\/div>\n\t\t\t\t<\/div>\n\t\t<div class=\"elementor-element elementor-element-f8bcf3e e-con-boxed e-flex e-con\" data-id=\"f8bcf3e\" data-element_type=\"container\" data-settings=\"{&quot;content_width&quot;:&quot;boxed&quot;}\">\n\t\t\t\t\t<div class=\"e-con-inner\">\n\t\t<div class=\"elementor-element elementor-element-1ce18ee e-con-full e-flex e-con\" data-id=\"1ce18ee\" data-element_type=\"container\" data-settings=\"{&quot;content_width&quot;:&quot;full&quot;}\">\n\t\t\t\t<div class=\"elementor-element elementor-element-460c0b6 elementor-widget elementor-widget-image\" data-id=\"460c0b6\" data-element_type=\"widget\" data-widget_type=\"image.default\">\n\t\t\t\t<div class=\"elementor-widget-container\">\n\t\t\t\t\t\t\t\t\t\t\t\t\t\t\t<img loading=\"lazy\" decoding=\"async\" width=\"1600\" height=\"1066\" src=\"https:\/\/superfrio.com.br\/wp-content\/uploads\/2024\/12\/WhatsApp-Image-2024-12-18-at-14.11.28-1.jpeg\" class=\"attachment-large size-large wp-image-86250\" alt=\"\" srcset=\"https:\/\/superfrio.com.br\/wp-content\/uploads\/2024\/12\/WhatsApp-Image-2024-12-18-at-14.11.28-1.jpeg 1600w, https:\/\/superfrio.com.br\/wp-content\/uploads\/2024\/12\/WhatsApp-Image-2024-12-18-at-14.11.28-1-768x512.jpeg 768w, https:\/\/superfrio.com.br\/wp-content\/uploads\/2024\/12\/WhatsApp-Image-2024-12-18-at-14.11.28-1-1536x1023.jpeg 1536w, https:\/\/superfrio.com.br\/wp-content\/uploads\/2024\/12\/WhatsApp-Image-2024-12-18-at-14.11.28-1-18x12.jpeg 18w, https:\/\/superfrio.com.br\/wp-content\/uploads\/2024\/12\/WhatsApp-Image-2024-12-18-at-14.11.28-1-1080x720.jpeg 1080w\" sizes=\"(max-width: 1600px) 100vw, 1600px\" title=\"\">\t\t\t\t\t\t\t\t\t\t\t\t\t\t\t<\/div>\n\t\t\t\t<\/div>\n\t\t\t\t<\/div>\n\t\t<div class=\"elementor-element elementor-element-cee5ec5 e-con-full e-flex e-con\" data-id=\"cee5ec5\" data-element_type=\"container\" data-settings=\"{&quot;content_width&quot;:&quot;full&quot;}\">\n\t\t\t\t<div class=\"elementor-element elementor-element-68eaf3c elementor-widget elementor-widget-image\" data-id=\"68eaf3c\" data-element_type=\"widget\" data-widget_type=\"image.default\">\n\t\t\t\t<div class=\"elementor-widget-container\">\n\t\t\t\t\t\t\t\t\t\t\t\t\t\t\t<img loading=\"lazy\" decoding=\"async\" width=\"1600\" height=\"1066\" src=\"https:\/\/superfrio.com.br\/wp-content\/uploads\/2024\/12\/WhatsApp-Image-2024-12-18-at-14.11.27.jpeg\" class=\"attachment-large size-large wp-image-86249\" alt=\"\" srcset=\"https:\/\/superfrio.com.br\/wp-content\/uploads\/2024\/12\/WhatsApp-Image-2024-12-18-at-14.11.27.jpeg 1600w, https:\/\/superfrio.com.br\/wp-content\/uploads\/2024\/12\/WhatsApp-Image-2024-12-18-at-14.11.27-768x512.jpeg 768w, https:\/\/superfrio.com.br\/wp-content\/uploads\/2024\/12\/WhatsApp-Image-2024-12-18-at-14.11.27-1536x1023.jpeg 1536w, https:\/\/superfrio.com.br\/wp-content\/uploads\/2024\/12\/WhatsApp-Image-2024-12-18-at-14.11.27-18x12.jpeg 18w, https:\/\/superfrio.com.br\/wp-content\/uploads\/2024\/12\/WhatsApp-Image-2024-12-18-at-14.11.27-1080x720.jpeg 1080w\" sizes=\"(max-width: 1600px) 100vw, 1600px\" title=\"\">\t\t\t\t\t\t\t\t\t\t\t\t\t\t\t<\/div>\n\t\t\t\t<\/div>\n\t\t\t\t<\/div>\n\t\t\t\t\t<\/div>\n\t\t\t\t<\/div>\n\t\t<div class=\"elementor-element elementor-element-af07662 e-con-boxed e-flex e-con\" data-id=\"af07662\" data-element_type=\"container\" data-settings=\"{&quot;content_width&quot;:&quot;boxed&quot;}\">\n\t\t\t\t\t<div class=\"e-con-inner\">\n\t\t<div class=\"elementor-element elementor-element-24de1ad e-con-full e-flex e-con\" data-id=\"24de1ad\" data-element_type=\"container\" data-settings=\"{&quot;content_width&quot;:&quot;full&quot;}\">\n\t\t\t\t<div class=\"elementor-element elementor-element-47571c8 elementor-widget elementor-widget-text-editor\" data-id=\"47571c8\" data-element_type=\"widget\" data-widget_type=\"text-editor.default\">\n\t\t\t\t<div class=\"elementor-widget-container\">\n\t\t\t\t\t\t\t<p><strong>Juntos, Podemos Fazer a Diferen\u00e7a<\/strong><\/p><p>A Superfrio acredita que iniciativas como o Sesc Mesa Brasil t\u00eam um papel crucial na constru\u00e7\u00e3o de um futuro mais justo e sustent\u00e1vel. Al\u00e9m de doa\u00e7\u00f5es de alimentos, o programa tamb\u00e9m aceita servi\u00e7os, produtos e trabalho volunt\u00e1rio, ampliando as possibilidades de participa\u00e7\u00e3o de empresas e indiv\u00edduos conscientes de sua responsabilidade social.<\/p><p>\u00c9 hora de unir esfor\u00e7os para transformar vidas. Saiba como voc\u00ea tamb\u00e9m pode contribuir acessando o site do <strong>Sesc Mesa Brasil<\/strong> e se tornando parte dessa rede de solidariedade.<\/p><p>Juntos, podemos combater a fome e promover um Brasil mais digno para todos.<\/p>\t\t\t\t\t\t<\/div>\n\t\t\t\t<\/div>\n\t\t\t\t<\/div>\n\t\t\t\t\t<\/div>\n\t\t\t\t<\/div>\n\t\t<div class=\"elementor-element elementor-element-9be4883 e-con-boxed e-flex e-con\" data-id=\"9be4883\" data-element_type=\"container\" data-settings=\"{&quot;content_width&quot;:&quot;boxed&quot;}\">\n\t\t\t\t\t<div class=\"e-con-inner\">\n\t\t<div class=\"elementor-element elementor-element-637c119 e-con-full e-flex e-con\" data-id=\"637c119\" data-element_type=\"container\" data-settings=\"{&quot;content_width&quot;:&quot;full&quot;}\">\n\t\t\t\t<\/div>\n\t\t<div class=\"elementor-element elementor-element-1647f1d e-con-full e-flex e-con\" data-id=\"1647f1d\" data-element_type=\"container\" data-settings=\"{&quot;content_width&quot;:&quot;full&quot;}\">\n\t\t\t\t<div class=\"elementor-element elementor-element-0e2f4e7 elementor-widget elementor-widget-image\" data-id=\"0e2f4e7\" data-element_type=\"widget\" data-widget_type=\"image.default\">\n\t\t\t\t<div class=\"elementor-widget-container\">\n\t\t\t\t\t\t\t\t\t\t\t\t\t\t\t<img loading=\"lazy\" decoding=\"async\" width=\"960\" height=\"1280\" src=\"https:\/\/superfrio.com.br\/wp-content\/uploads\/2024\/12\/WhatsApp-Image-2024-12-18-at-14.11.29.jpeg\" class=\"attachment-large size-large wp-image-86252\" alt=\"\" srcset=\"https:\/\/superfrio.com.br\/wp-content\/uploads\/2024\/12\/WhatsApp-Image-2024-12-18-at-14.11.29.jpeg 960w, https:\/\/superfrio.com.br\/wp-content\/uploads\/2024\/12\/WhatsApp-Image-2024-12-18-at-14.11.29-768x1024.jpeg 768w, https:\/\/superfrio.com.br\/wp-content\/uploads\/2024\/12\/WhatsApp-Image-2024-12-18-at-14.11.29-9x12.jpeg 9w\" sizes=\"(max-width: 960px) 100vw, 960px\" title=\"\">\t\t\t\t\t\t\t\t\t\t\t\t\t\t\t<\/div>\n\t\t\t\t<\/div>\n\t\t\t\t<\/div>\n\t\t<div class=\"elementor-element elementor-element-9642d5c e-con-full e-flex e-con\" data-id=\"9642d5c\" data-element_type=\"container\" data-settings=\"{&quot;content_width&quot;:&quot;full&quot;}\">\n\t\t\t\t<div class=\"elementor-element elementor-element-5ff6b66 elementor-widget elementor-widget-image\" data-id=\"5ff6b66\" data-element_type=\"widget\" data-widget_type=\"image.default\">\n\t\t\t\t<div class=\"elementor-widget-container\">\n\t\t\t\t\t\t\t\t\t\t\t\t\t\t\t<img loading=\"lazy\" decoding=\"async\" width=\"774\" height=\"1032\" src=\"https:\/\/superfrio.com.br\/wp-content\/uploads\/2024\/12\/WhatsApp-Image-2024-12-18-at-14.11.29-1.jpeg\" class=\"attachment-large size-large wp-image-86251\" alt=\"\" srcset=\"https:\/\/superfrio.com.br\/wp-content\/uploads\/2024\/12\/WhatsApp-Image-2024-12-18-at-14.11.29-1.jpeg 774w, https:\/\/superfrio.com.br\/wp-content\/uploads\/2024\/12\/WhatsApp-Image-2024-12-18-at-14.11.29-1-768x1024.jpeg 768w, https:\/\/superfrio.com.br\/wp-content\/uploads\/2024\/12\/WhatsApp-Image-2024-12-18-at-14.11.29-1-9x12.jpeg 9w\" sizes=\"(max-width: 774px) 100vw, 774px\" title=\"\">\t\t\t\t\t\t\t\t\t\t\t\t\t\t\t<\/div>\n\t\t\t\t<\/div>\n\t\t\t\t<\/div>\n\t\t<div class=\"elementor-element elementor-element-d01b6aa e-con-full e-flex e-con\" data-id=\"d01b6aa\" data-element_type=\"container\" data-settings=\"{&quot;content_width&quot;:&quot;full&quot;}\">\n\t\t\t\t<\/div>\n\t\t\t\t\t<\/div>\n\t\t\t\t<\/div>\n\t\t\t\t\t\t\t<\/div>","protected":false},"excerpt":{"rendered":"<p>Superfrio Celebra os 30 Anos do Sesc Mesa Brasil no Encontro Anual 2024 No dia 5 de dezembro, a Superfrio teve a honra de participar do Encontro Anual 2024 em comemora\u00e7\u00e3o aos 30 anos do Programa Sesc Mesa Brasil, refor\u00e7ando nosso compromisso com a luta contra a fome e o desperd\u00edcio de alimentos. Durante o [&hellip;]<\/p>","protected":false},"author":4,"featured_media":86241,"comment_status":"open","ping_status":"open","sticky":false,"template":"","format":"standard","meta":{"_et_pb_use_builder":"off","_et_pb_old_content":"","_et_gb_content_width":"","footnotes":""},"categories":[4,6],"tags":[301,300,87],"acf":[],"_links":{"self":[{"href":"https:\/\/superfrio.com.br\/en\/wp-json\/wp\/v2\/posts\/86238"}],"collection":[{"href":"https:\/\/superfrio.com.br\/en\/wp-json\/wp\/v2\/posts"}],"about":[{"href":"https:\/\/superfrio.com.br\/en\/wp-json\/wp\/v2\/types\/post"}],"author":[{"embeddable":true,"href":"https:\/\/superfrio.com.br\/en\/wp-json\/wp\/v2\/users\/4"}],"replies":[{"embeddable":true,"href":"https:\/\/superfrio.com.br\/en\/wp-json\/wp\/v2\/comments?post=86238"}],"version-history":[{"count":14,"href":"https:\/\/superfrio.com.br\/en\/wp-json\/wp\/v2\/posts\/86238\/revisions"}],"predecessor-version":[{"id":86262,"href":"https:\/\/superfrio.com.br\/en\/wp-json\/wp\/v2\/posts\/86238\/revisions\/86262"}],"wp:featuredmedia":[{"embeddable":true,"href":"https:\/\/superfrio.com.br\/en\/wp-json\/wp\/v2\/media\/86241"}],"wp:attachment":[{"href":"https:\/\/superfrio.com.br\/en\/wp-json\/wp\/v2\/media?parent=86238"}],"wp:term":[{"taxonomy":"category","embeddable":true,"href":"https:\/\/superfrio.com.br\/en\/wp-json\/wp\/v2\/categories?post=86238"},{"taxonomy":"post_tag","embeddable":true,"href":"https:\/\/superfrio.com.br\/en\/wp-json\/wp\/v2\/tags?post=86238"}],"curies":[{"name":"wp","href":"https:\/\/api.w.org\/{rel}","templated":true}]}}