{"id":86371,"date":"2026-04-27T09:00:00","date_gmt":"2026-04-27T12:00:00","guid":{"rendered":"https:\/\/superfrio.com.br\/?p=86371"},"modified":"2026-04-27T09:37:17","modified_gmt":"2026-04-27T12:37:17","slug":"icestar-superfrio-america-latina","status":"publish","type":"post","link":"https:\/\/superfrio.com.br\/en\/icestar-superfrio-america-latina\/","title":{"rendered":"IceStar e SuperFrio criam a 3\u00aa maior plataforma de log\u00edstica frigorificada da Am\u00e9rica Latina"},"content":{"rendered":"<p>A SuperFrio e a IceStar anunciam a integra\u00e7\u00e3o de suas opera\u00e7\u00f5es, dando origem a uma das <strong>maiores plataformas de log\u00edstica frigorificada da Am\u00e9rica Latina<\/strong>, com <strong>capacidade instalada consolidada de aproximadamente 4 milh\u00f5es de m\u00b3<\/strong>. A nova estrutura passa a operar mais de 50 centros de distribui\u00e7\u00e3o no <strong>Brasil, Chile, Col\u00f4mbia e Peru<\/strong>, com foco em efici\u00eancia, escala e solu\u00e7\u00f5es sustent\u00e1veis para a cadeia do frio no setor de alimentos.&nbsp;<\/p>\n\n\n\n<p>A uni\u00e3o das opera\u00e7\u00f5es entre <strong>SuperFrio e IceStar<\/strong> representa um avan\u00e7o estrat\u00e9gico na constru\u00e7\u00e3o de uma log\u00edstica frigorificada mais integrada e preparada para atender \u00e0s crescentes demandas do setor, encurtando dist\u00e2ncias entre produ\u00e7\u00e3o e consumo e garantindo maior controle e seguran\u00e7a ao longo de toda a cadeia.<\/p>\n\n\n\n<p>Com aproximadamente <strong>4 milh\u00f5es de m\u00b3 de capacidade instalada e cerca de 480 mil posi\u00e7\u00f5es<\/strong>-palete, a plataforma IceStar e SuperFrio passa a oferecer opera\u00e7\u00f5es multi temperatura para congelados, refrigerados e secos, atendendo com excel\u00eancia diferentes perfis de produtos e exig\u00eancias da cadeia do frio.<\/p>\n\n\n\n<p>No Brasil, a<strong> SuperFrio <\/strong>consolida sua presen\u00e7a nacional com opera\u00e7\u00f5es distribu\u00eddas nas regi\u00f5es Sul, Sudeste, Centro-Oeste, Nordeste e Norte, conectando seus centros log\u00edsticos aos principais polos produtivos e de consumo. <strong>Essa capilaridade \u00e9 fundamental para empresas que precisam de agilidade, previsibilidade e integridade na log\u00edstica frigorificada<\/strong>.<\/p>\n\n\n\n<p>J\u00e1 a atua\u00e7\u00e3o internacional da <strong>IceStar<\/strong> amplia o alcance da opera\u00e7\u00e3o. No Chile, a rede cobre de Arica a Chilo\u00e9, apoiada por uma estrutura robusta que integra armazenagem frigorificada, transporte e distribui\u00e7\u00e3o. A presen\u00e7a na Col\u00f4mbia, com opera\u00e7\u00f5es em Medell\u00edn, e no Peru, com base estrat\u00e9gica em Paita, importante hub de exporta\u00e7\u00e3o, <strong>fortalece a conex\u00e3o com mercados internacionais e rotas log\u00edsticas cr\u00edticas<\/strong>.<\/p>\n\n\n\n<div style=\"height:29px\" aria-hidden=\"true\" class=\"wp-block-spacer\"><\/div>\n\n\n\n<figure class=\"wp-block-image size-full\"><img loading=\"lazy\" decoding=\"async\" width=\"774\" height=\"749\" src=\"https:\/\/superfrio.com.br\/wp-content\/uploads\/2026\/04\/WhatsApp-Image-2026-04-24-at-10.54.04.jpeg\" alt=\"\" class=\"wp-image-86390\" title=\"\" srcset=\"https:\/\/superfrio.com.br\/wp-content\/uploads\/2026\/04\/WhatsApp-Image-2026-04-24-at-10.54.04.jpeg 774w, https:\/\/superfrio.com.br\/wp-content\/uploads\/2026\/04\/WhatsApp-Image-2026-04-24-at-10.54.04-768x743.jpeg 768w, https:\/\/superfrio.com.br\/wp-content\/uploads\/2026\/04\/WhatsApp-Image-2026-04-24-at-10.54.04-12x12.jpeg 12w\" sizes=\"(max-width: 774px) 100vw, 774px\" \/><\/figure>\n\n\n\n<div style=\"height:29px\" aria-hidden=\"true\" class=\"wp-block-spacer\"><\/div>\n\n\n\n<p>A opera\u00e7\u00e3o conta ainda com uma<strong> <\/strong><a href=\"https:\/\/superfrio.com.br\/en\/renovacao-de-frota\/\"><strong>frota<\/strong><\/a><strong> superior a 350 ve\u00edculos pr\u00f3prios<\/strong>, garantindo maior controle operacional, rastreabilidade e efici\u00eancia no transporte com temperatura controlada, fatores essenciais para proteger a qualidade dos produtos e a reputa\u00e7\u00e3o das marcas atendidas.<\/p>\n\n\n\n<p>Com mais de 400 clientes atendidos, <strong>a plataforma integrada IceStar e SuperFrio amplia sua capacidade de suporte a segmentos como varejo, food servIce, catering, alimentos industrializados, prote\u00ednas, pescados e agroneg\u00f3cio<\/strong>. O portf\u00f3lio inclui servi\u00e7os completos de armazenagem, distribui\u00e7\u00e3o, transporte (fracionado e dedicado), importa\u00e7\u00e3o, exporta\u00e7\u00e3o, co-packing e movimenta\u00e7\u00e3o de cont\u00eaineres, apoiados por uma base tecnol\u00f3gica robusta e processos altamente padronizados.<\/p>\n\n\n\n<p>Segundo<strong> Francisco Moura<\/strong>, respons\u00e1vel pela dire\u00e7\u00e3o executiva da nova opera\u00e7\u00e3o:<\/p>\n\n\n\n<p>\u201cA integra\u00e7\u00e3o aponta para o futuro da log\u00edstica de frio na Am\u00e9rica Latina: mais efici\u00eancia, sustentabilidade e uma atua\u00e7\u00e3o regional alinhada \u00e0s exig\u00eancias do com\u00e9rcio internacional. Estamos preparados para crescer, investir e ampliar nossa presen\u00e7a com excel\u00eancia operacional.\u201d<\/p>\n\n\n\n<div style=\"height:29px\" aria-hidden=\"true\" class=\"wp-block-spacer\"><\/div>\n\n\n\n<figure class=\"wp-block-image size-full\"><img loading=\"lazy\" decoding=\"async\" width=\"1524\" height=\"627\" src=\"https:\/\/superfrio.com.br\/wp-content\/uploads\/2026\/04\/image-1.png\" alt=\"\" class=\"wp-image-86388\" title=\"\" srcset=\"https:\/\/superfrio.com.br\/wp-content\/uploads\/2026\/04\/image-1.png 1524w, https:\/\/superfrio.com.br\/wp-content\/uploads\/2026\/04\/image-1-768x316.png 768w, https:\/\/superfrio.com.br\/wp-content\/uploads\/2026\/04\/image-1-18x7.png 18w, https:\/\/superfrio.com.br\/wp-content\/uploads\/2026\/04\/image-1-1080x444.png 1080w\" sizes=\"(max-width: 1524px) 100vw, 1524px\" \/><\/figure>\n\n\n\n<div style=\"height:29px\" aria-hidden=\"true\" class=\"wp-block-spacer\"><\/div>\n\n\n\n<h3 class=\"wp-block-heading\"><strong>Sobre a SuperFrio<\/strong><\/h3>\n\n\n\n<div style=\"height:29px\" aria-hidden=\"true\" class=\"wp-block-spacer\"><\/div>\n\n\n\n<p>A<strong> SuperFrio \u00e9 uma das principais plataformas de log\u00edstica frigorificada do Brasil<\/strong>, com 35 centros de distribui\u00e7\u00e3o e aproximadamente 2,7 milh\u00f5es de m\u00b3 de capacidade instalada. A empresa atua com opera\u00e7\u00f5es que abrangem produtos congelados, resfriados, climatizados e secos, oferecendo solu\u00e7\u00f5es completas para a cadeia do frio.<\/p>\n\n\n\n<p>Com presen\u00e7a em pontos estrat\u00e9gicos em todo o pa\u00eds, a SuperFrio investe continuamente em tecnologia, efici\u00eancia operacional e expans\u00e3o de infraestrutura para antecipar o crescimento de seus clientes, protegendo a integridade dos produtos e fortalecendo suas marcas no mercado.<\/p>\n\n\n\n<div style=\"height:29px\" aria-hidden=\"true\" class=\"wp-block-spacer\"><\/div>\n\n\n\n<figure class=\"wp-block-image size-full\"><img loading=\"lazy\" decoding=\"async\" width=\"1600\" height=\"900\" src=\"https:\/\/superfrio.com.br\/wp-content\/uploads\/2026\/04\/image-1.jpeg\" alt=\"\" class=\"wp-image-86389\" title=\"\" srcset=\"https:\/\/superfrio.com.br\/wp-content\/uploads\/2026\/04\/image-1.jpeg 1600w, https:\/\/superfrio.com.br\/wp-content\/uploads\/2026\/04\/image-1-768x432.jpeg 768w, https:\/\/superfrio.com.br\/wp-content\/uploads\/2026\/04\/image-1-1536x864.jpeg 1536w, https:\/\/superfrio.com.br\/wp-content\/uploads\/2026\/04\/image-1-18x10.jpeg 18w, https:\/\/superfrio.com.br\/wp-content\/uploads\/2026\/04\/image-1-1080x608.jpeg 1080w\" sizes=\"(max-width: 1600px) 100vw, 1600px\" \/><\/figure>\n\n\n\n<div style=\"height:29px\" aria-hidden=\"true\" class=\"wp-block-spacer\"><\/div>\n\n\n\n<h3 class=\"wp-block-heading\"><strong>Sobre a IceStar<\/strong><\/h3>\n\n\n\n<div style=\"height:29px\" aria-hidden=\"true\" class=\"wp-block-spacer\"><\/div>\n\n\n\n<p><strong>A IceStar \u00e9 uma plataforma regional de log\u00edstica frigorificada com atua\u00e7\u00e3o no Chile, Col\u00f4mbia e Peru<\/strong>, com centros estrategicamente posicionados para atender os principais mercados da regi\u00e3o.<\/p>\n\n\n\n<p>Sua opera\u00e7\u00e3o integra armazenagem frigorificada, transporte e distribui\u00e7\u00e3o, contribuindo para o fortalecimento da cadeia do frio e das opera\u00e7\u00f5es log\u00edsticas na Am\u00e9rica Latina.&nbsp;&nbsp;<\/p>\n\n\n\n<div style=\"height:29px\" aria-hidden=\"true\" class=\"wp-block-spacer\"><\/div>\n\n\n\n<figure class=\"wp-block-image size-full\"><img loading=\"lazy\" decoding=\"async\" width=\"1524\" height=\"627\" src=\"https:\/\/superfrio.com.br\/wp-content\/uploads\/2026\/04\/image.png\" alt=\"\" class=\"wp-image-86387\" title=\"\" srcset=\"https:\/\/superfrio.com.br\/wp-content\/uploads\/2026\/04\/image.png 1524w, https:\/\/superfrio.com.br\/wp-content\/uploads\/2026\/04\/image-768x316.png 768w, https:\/\/superfrio.com.br\/wp-content\/uploads\/2026\/04\/image-18x7.png 18w, https:\/\/superfrio.com.br\/wp-content\/uploads\/2026\/04\/image-1080x444.png 1080w\" sizes=\"(max-width: 1524px) 100vw, 1524px\" \/><\/figure>\n\n\n\n<div style=\"height:29px\" aria-hidden=\"true\" class=\"wp-block-spacer\"><\/div>\n\n\n\n<h3 class=\"wp-block-heading\"><strong>Sobre o Patria Investimentos<\/strong><\/h3>\n\n\n\n<div style=\"height:29px\" aria-hidden=\"true\" class=\"wp-block-spacer\"><\/div>\n\n\n\n<p><strong>O Patria \u00e9 uma gestora global de ativos alternativos com foco em setores resilientes nas principais economias da Am\u00e9rica Latina<\/strong>. Com mais de 30 anos de experi\u00eancia e mais de US$ 50 bilh\u00f5es sob gest\u00e3o, a empresa atua como catalisadora de crescimento sustent\u00e1vel por meio de investimentos de longo prazo.&nbsp;<\/p>\n\n\n\n<p>Siga a <a href=\"https:\/\/www.linkedin.com\/company\/icestarlatam\/posts\/?feedView=all\" rel=\"nofollow noopener\" target=\"_blank\">IceStar<\/a> e a <a href=\"https:\/\/www.linkedin.com\/company\/superfrio-armazenagem-refrigerada\/?viewAsMember=true\" rel=\"nofollow noopener\" target=\"_blank\">SuperFrio <\/a>no LinkedIn e saiba mais sobre nossa expans\u00e3o na Am\u00e9rica Latina.<\/p>","protected":false},"excerpt":{"rendered":"<p>A SuperFrio e a IceStar anunciam a integra\u00e7\u00e3o de suas opera\u00e7\u00f5es, dando origem a uma das maiores plataformas de log\u00edstica frigorificada da Am\u00e9rica Latina, com capacidade instalada consolidada de aproximadamente 4 milh\u00f5es de m\u00b3. A nova estrutura passa a operar mais de 50 centros de distribui\u00e7\u00e3o no Brasil, Chile, Col\u00f4mbia e Peru, com foco em [&hellip;]<\/p>","protected":false},"author":4,"featured_media":86392,"comment_status":"closed","ping_status":"closed","sticky":false,"template":"","format":"standard","meta":{"_et_pb_use_builder":"","_et_pb_old_content":"","_et_gb_content_width":"","footnotes":""},"categories":[4,11,16,18],"tags":[325,87],"acf":[],"_links":{"self":[{"href":"https:\/\/superfrio.com.br\/en\/wp-json\/wp\/v2\/posts\/86371"}],"collection":[{"href":"https:\/\/superfrio.com.br\/en\/wp-json\/wp\/v2\/posts"}],"about":[{"href":"https:\/\/superfrio.com.br\/en\/wp-json\/wp\/v2\/types\/post"}],"author":[{"embeddable":true,"href":"https:\/\/superfrio.com.br\/en\/wp-json\/wp\/v2\/users\/4"}],"replies":[{"embeddable":true,"href":"https:\/\/superfrio.com.br\/en\/wp-json\/wp\/v2\/comments?post=86371"}],"version-history":[{"count":3,"href":"https:\/\/superfrio.com.br\/en\/wp-json\/wp\/v2\/posts\/86371\/revisions"}],"predecessor-version":[{"id":86394,"href":"https:\/\/superfrio.com.br\/en\/wp-json\/wp\/v2\/posts\/86371\/revisions\/86394"}],"wp:featuredmedia":[{"embeddable":true,"href":"https:\/\/superfrio.com.br\/en\/wp-json\/wp\/v2\/media\/86392"}],"wp:attachment":[{"href":"https:\/\/superfrio.com.br\/en\/wp-json\/wp\/v2\/media?parent=86371"}],"wp:term":[{"taxonomy":"category","embeddable":true,"href":"https:\/\/superfrio.com.br\/en\/wp-json\/wp\/v2\/categories?post=86371"},{"taxonomy":"post_tag","embeddable":true,"href":"https:\/\/superfrio.com.br\/en\/wp-json\/wp\/v2\/tags?post=86371"}],"curies":[{"name":"wp","href":"https:\/\/api.w.org\/{rel}","templated":true}]}}